{"id":2063,"date":"2023-12-08T10:48:00","date_gmt":"2023-12-08T10:48:00","guid":{"rendered":"https:\/\/prayerspacesinschools.com\/usa-update\/"},"modified":"2025-09-04T10:36:20","modified_gmt":"2025-09-04T09:36:20","slug":"usa-update","status":"publish","type":"post","link":"http:\/\/prayerspacesinschools.com\/fr\/usa-update\/","title":{"rendered":"\u00c9tats-Unis &#8211; br\u00e8ve mise \u00e0 jour"},"content":{"rendered":"\n<p>R\u00e9cemment, nos amis aux \u00c9tats-Unis ont c\u00e9l\u00e9br\u00e9 \u00ab Thanksgiving \u00bb, nous avons donc pens\u00e9 que ce serait le moment id\u00e9al pour exprimer notre gratitude pour ce qui se passe avec Prayer Spaces in Schools aux \u00c9tats-Unis.<\/p>\n\n\n\n<p>Il y a un peu plus d&#8217;un an, Phil Sokell-Miles \u00e9tait \u00e0 Portland, aux \u00c9tats-Unis, pour le rassemblement 24-7 Prayer USA avec Darnell Robinson de Milwaukee. Ensemble, ils ont organis\u00e9 notre premier s\u00e9minaire sur Prayer Spaces in Schools, ce qui a \u00e9t\u00e9 une occasion fantastique de discuter avec une salle remplie d&#8217;enseignants, de pasteurs de jeunesse et de responsables d&#8217;\u00e9glises des besoins et des opportunit\u00e9s.<\/p>\n\n\n\n<p>Quelques mois plus tard, Katie a \u00e9t\u00e9 invit\u00e9e \u00e0 cr\u00e9er un lieu de \u00ab s\u00e9curit\u00e9, de repos et de paix \u00bb pour les enseignants de l&#8217;\u00e9cole de sa fille \u00e0 Kansas City. <em>\u00ab C&#8217;\u00e9tait incroyable ! \u00bb<\/em> a-t-elle \u00e9crit apr\u00e8s coup. <em>\u00ab Les enseignants viennent d&#8217;horizons divers et n&#8217;avaient jamais v\u00e9cu une telle exp\u00e9rience. Certains \u00e9taient calmes et ont particip\u00e9 m\u00e9thodiquement \u00e0 chacune des activit\u00e9s. D&#8217;autres sont entr\u00e9s, sont rest\u00e9s \u00e0 une seule activit\u00e9 pendant tout le temps et ont simplement pleur\u00e9. J&#8217;avais une \u00e9quipe, moi-m\u00eame et deux responsables de l&#8217;\u00e9glise, et nous \u00e9tions disponibles pour accueillir les gens dans la salle et prier avec eux s&#8217;ils le souhaitaient. \u00bb<\/em><\/p>\n\n\n\n<p><em>Ce qui est passionnant, c&#8217;est que nous avons re\u00e7u la visite de deux enseignants du secteur public qui avaient entendu parler de la salle de pri\u00e8re et voulaient en faire l&#8217;exp\u00e9rience. L&#8217;un d&#8217;eux a \u00e9t\u00e9 tellement impressionn\u00e9 que nous avons commenc\u00e9 \u00e0 discuter de la possibilit\u00e9 de cr\u00e9er un espace similaire dans son \u00e9cole pour les \u00e9l\u00e8ves et le personnel. Il a \u00e9t\u00e9 boulevers\u00e9 par l&#8217;impact personnel et enthousiasm\u00e9 par la possibilit\u00e9 de mettre en place quelque chose de similaire dans une \u00e9cole publique. \u00bb<\/em><\/p>\n\n\n\n<p>Au d\u00e9but de l&#8217;ann\u00e9e prochaine, Phil se rendra aux \u00c9tats-Unis pour animer des discussions sur le d\u00e9veloppement des Prayer Spaces in Schools. Nous pensons que certains adopteront ou adapteront le mod\u00e8le d&#8217;espace calme de Darnell, car il semble fonctionner. Il sera \u00e9galement int\u00e9ressant de voir si un autre mod\u00e8le \u00e9mergera des discussions de Katie avec ses nouveaux amis des \u00e9coles publiques de Kansas City. Ailleurs, nous avons entendu parler d&#8217;employ\u00e9s d&#8217;\u00e9coles chr\u00e9tiennes au Texas qui organisent des activit\u00e9s de pri\u00e8re pendant les clubs de midi dans certaines \u00e9coles avec lesquelles ils entretiennent de bonnes relations. Nous r\u00e9fl\u00e9chissons \u00e9galement \u00e0 la mani\u00e8re de soutenir les \u00e9l\u00e8ves chr\u00e9tiens qui souhaitent cr\u00e9er des espaces de pri\u00e8re dans leurs \u00e9coles. Partout aux \u00c9tats-Unis, de Tulsa \u00e0 Detroit, de Portland \u00e0 New York, des amis r\u00eavent, \u00e9laborent des plans (et prient) pour trouver des moyens d&#8217;accueillir des espaces de pri\u00e8re.<\/p>\n\n\n\n<p><\/p>\n","protected":false},"excerpt":{"rendered":"<p>R\u00e9cemment, nos amis aux \u00c9tats-Unis ont c\u00e9l\u00e9br\u00e9 \u00ab Thanksgiving \u00bb, nous avons donc pens\u00e9 que ce serait le moment id\u00e9al pour exprimer notre gratitude pour ce qui se passe avec Prayer Spaces in Schools aux \u00c9tats-Unis. Il y a un peu plus d&#8217;un an, Phil Sokell-Miles \u00e9tait \u00e0 Portland, aux \u00c9tats-Unis, pour le rassemblement 24-7 [&hellip;]<\/p>\n","protected":false},"author":5,"featured_media":1031,"comment_status":"open","ping_status":"open","sticky":false,"template":"","format":"standard","meta":{"_acf_changed":false,"inline_featured_image":false,"footnotes":""},"categories":[21],"tags":[],"class_list":["post-2063","post","type-post","status-publish","format-standard","has-post-thumbnail","hentry","category-non-categorise"],"acf":[],"yoast_head":"<!-- This site is optimized with the Yoast SEO plugin v27.4 - https:\/\/yoast.com\/product\/yoast-seo-wordpress\/ -->\n<title>\u00c9tats-Unis - br\u00e8ve mise \u00e0 jour - Prayer Spaces in Schools International<\/title>\n<meta name=\"description\" content=\"Around the world prayer spaces are giving children and young people ways to reflect and explore prayer for themselves using simple activities.\" \/>\n<meta name=\"robots\" content=\"index, follow, max-snippet:-1, max-image-preview:large, max-video-preview:-1\" \/>\n<link rel=\"canonical\" href=\"http:\/\/prayerspacesinschools.com\/fr\/usa-update\/\" \/>\n<meta property=\"og:locale\" content=\"fr_FR\" \/>\n<meta property=\"og:type\" content=\"article\" \/>\n<meta property=\"og:title\" content=\"\u00c9tats-Unis - br\u00e8ve mise \u00e0 jour - Prayer Spaces in Schools International\" \/>\n<meta property=\"og:description\" content=\"Around the world prayer spaces are giving children and young people ways to reflect and explore prayer for themselves using simple activities.\" \/>\n<meta property=\"og:url\" content=\"http:\/\/prayerspacesinschools.com\/fr\/usa-update\/\" \/>\n<meta property=\"og:site_name\" content=\"Prayer Spaces in Schools International\" \/>\n<meta property=\"article:published_time\" content=\"2023-12-08T10:48:00+00:00\" \/>\n<meta property=\"article:modified_time\" content=\"2025-09-04T09:36:20+00:00\" \/>\n<meta property=\"og:image\" content=\"http:\/\/prayerspacesinschools.com\/wp-content\/uploads\/2025\/07\/USE-update.jpg\" \/>\n\t<meta property=\"og:image:width\" content=\"1200\" \/>\n\t<meta property=\"og:image:height\" content=\"750\" \/>\n\t<meta property=\"og:image:type\" content=\"image\/jpeg\" \/>\n<meta name=\"author\" content=\"tim@prayerspacesinschools.com\" \/>\n<meta name=\"twitter:card\" content=\"summary_large_image\" \/>\n<meta name=\"twitter:label1\" content=\"Written by\" \/>\n\t<meta name=\"twitter:data1\" content=\"tim@prayerspacesinschools.com\" \/>\n\t<meta name=\"twitter:label2\" content=\"Est. reading time\" \/>\n\t<meta name=\"twitter:data2\" content=\"3 minutes\" \/>\n<script type=\"application\/ld+json\" class=\"yoast-schema-graph\">{\"@context\":\"https:\\\/\\\/schema.org\",\"@graph\":[{\"@type\":\"Article\",\"@id\":\"http:\\\/\\\/prayerspacesinschools.com\\\/fr\\\/usa-update\\\/#article\",\"isPartOf\":{\"@id\":\"http:\\\/\\\/prayerspacesinschools.com\\\/fr\\\/usa-update\\\/\"},\"author\":{\"name\":\"tim@prayerspacesinschools.com\",\"@id\":\"https:\\\/\\\/prayerspacesinschools.com\\\/#\\\/schema\\\/person\\\/28581568fca4a121b73c1c927d563827\"},\"headline\":\"\u00c9tats-Unis &#8211; br\u00e8ve mise \u00e0 jour\",\"datePublished\":\"2023-12-08T10:48:00+00:00\",\"dateModified\":\"2025-09-04T09:36:20+00:00\",\"mainEntityOfPage\":{\"@id\":\"http:\\\/\\\/prayerspacesinschools.com\\\/fr\\\/usa-update\\\/\"},\"wordCount\":490,\"commentCount\":0,\"publisher\":{\"@id\":\"https:\\\/\\\/prayerspacesinschools.com\\\/#organization\"},\"image\":{\"@id\":\"http:\\\/\\\/prayerspacesinschools.com\\\/fr\\\/usa-update\\\/#primaryimage\"},\"thumbnailUrl\":\"http:\\\/\\\/prayerspacesinschools.com\\\/wp-content\\\/uploads\\\/2025\\\/07\\\/USE-update.jpg\",\"articleSection\":[\"Non cat\u00e9goris\u00e9\"],\"inLanguage\":\"fr-FR\",\"potentialAction\":[{\"@type\":\"CommentAction\",\"name\":\"Comment\",\"target\":[\"http:\\\/\\\/prayerspacesinschools.com\\\/fr\\\/usa-update\\\/#respond\"]}]},{\"@type\":\"WebPage\",\"@id\":\"http:\\\/\\\/prayerspacesinschools.com\\\/fr\\\/usa-update\\\/\",\"url\":\"http:\\\/\\\/prayerspacesinschools.com\\\/fr\\\/usa-update\\\/\",\"name\":\"\u00c9tats-Unis - br\u00e8ve mise \u00e0 jour - Prayer Spaces in Schools International\",\"isPartOf\":{\"@id\":\"https:\\\/\\\/prayerspacesinschools.com\\\/#website\"},\"primaryImageOfPage\":{\"@id\":\"http:\\\/\\\/prayerspacesinschools.com\\\/fr\\\/usa-update\\\/#primaryimage\"},\"image\":{\"@id\":\"http:\\\/\\\/prayerspacesinschools.com\\\/fr\\\/usa-update\\\/#primaryimage\"},\"thumbnailUrl\":\"http:\\\/\\\/prayerspacesinschools.com\\\/wp-content\\\/uploads\\\/2025\\\/07\\\/USE-update.jpg\",\"datePublished\":\"2023-12-08T10:48:00+00:00\",\"dateModified\":\"2025-09-04T09:36:20+00:00\",\"description\":\"Around the world prayer spaces are giving children and young people ways to reflect and explore prayer for themselves using simple activities.\",\"breadcrumb\":{\"@id\":\"http:\\\/\\\/prayerspacesinschools.com\\\/fr\\\/usa-update\\\/#breadcrumb\"},\"inLanguage\":\"fr-FR\",\"potentialAction\":[{\"@type\":\"ReadAction\",\"target\":[\"http:\\\/\\\/prayerspacesinschools.com\\\/fr\\\/usa-update\\\/\"]}]},{\"@type\":\"ImageObject\",\"inLanguage\":\"fr-FR\",\"@id\":\"http:\\\/\\\/prayerspacesinschools.com\\\/fr\\\/usa-update\\\/#primaryimage\",\"url\":\"http:\\\/\\\/prayerspacesinschools.com\\\/wp-content\\\/uploads\\\/2025\\\/07\\\/USE-update.jpg\",\"contentUrl\":\"http:\\\/\\\/prayerspacesinschools.com\\\/wp-content\\\/uploads\\\/2025\\\/07\\\/USE-update.jpg\",\"width\":1200,\"height\":750},{\"@type\":\"BreadcrumbList\",\"@id\":\"http:\\\/\\\/prayerspacesinschools.com\\\/fr\\\/usa-update\\\/#breadcrumb\",\"itemListElement\":[{\"@type\":\"ListItem\",\"position\":1,\"name\":\"Home\",\"item\":\"https:\\\/\\\/prayerspacesinschools.com\\\/fr\\\/\"},{\"@type\":\"ListItem\",\"position\":2,\"name\":\"\u00c9tats-Unis &#8211; br\u00e8ve mise \u00e0 jour\"}]},{\"@type\":\"WebSite\",\"@id\":\"https:\\\/\\\/prayerspacesinschools.com\\\/#website\",\"url\":\"https:\\\/\\\/prayerspacesinschools.com\\\/\",\"name\":\"Prayer Spaces in Schools\",\"description\":\"Creating space in schools where pupils can pause to reflect or pray\",\"publisher\":{\"@id\":\"https:\\\/\\\/prayerspacesinschools.com\\\/#organization\"},\"potentialAction\":[{\"@type\":\"SearchAction\",\"target\":{\"@type\":\"EntryPoint\",\"urlTemplate\":\"https:\\\/\\\/prayerspacesinschools.com\\\/?s={search_term_string}\"},\"query-input\":{\"@type\":\"PropertyValueSpecification\",\"valueRequired\":true,\"valueName\":\"search_term_string\"}}],\"inLanguage\":\"fr-FR\"},{\"@type\":\"Organization\",\"@id\":\"https:\\\/\\\/prayerspacesinschools.com\\\/#organization\",\"name\":\"Prayer Spaces in Schools\",\"url\":\"https:\\\/\\\/prayerspacesinschools.com\\\/\",\"logo\":{\"@type\":\"ImageObject\",\"inLanguage\":\"fr-FR\",\"@id\":\"https:\\\/\\\/prayerspacesinschools.com\\\/#\\\/schema\\\/logo\\\/image\\\/\",\"url\":\"http:\\\/\\\/prayerspacesinschools.com\\\/wp-content\\\/uploads\\\/2025\\\/07\\\/logo.svg\",\"contentUrl\":\"http:\\\/\\\/prayerspacesinschools.com\\\/wp-content\\\/uploads\\\/2025\\\/07\\\/logo.svg\",\"width\":125,\"height\":93,\"caption\":\"Prayer Spaces in Schools\"},\"image\":{\"@id\":\"https:\\\/\\\/prayerspacesinschools.com\\\/#\\\/schema\\\/logo\\\/image\\\/\"}},{\"@type\":\"Person\",\"@id\":\"https:\\\/\\\/prayerspacesinschools.com\\\/#\\\/schema\\\/person\\\/28581568fca4a121b73c1c927d563827\",\"name\":\"tim@prayerspacesinschools.com\",\"image\":{\"@type\":\"ImageObject\",\"inLanguage\":\"fr-FR\",\"@id\":\"https:\\\/\\\/secure.gravatar.com\\\/avatar\\\/aa5b4a5fd665d3b18699e649d5427d9b764af53e44ea3f130b56f3bd7ce3545e?s=96&d=mm&r=g\",\"url\":\"https:\\\/\\\/secure.gravatar.com\\\/avatar\\\/aa5b4a5fd665d3b18699e649d5427d9b764af53e44ea3f130b56f3bd7ce3545e?s=96&d=mm&r=g\",\"contentUrl\":\"https:\\\/\\\/secure.gravatar.com\\\/avatar\\\/aa5b4a5fd665d3b18699e649d5427d9b764af53e44ea3f130b56f3bd7ce3545e?s=96&d=mm&r=g\",\"caption\":\"tim@prayerspacesinschools.com\"},\"url\":\"http:\\\/\\\/prayerspacesinschools.com\\\/fr\\\/author\\\/timprayerspacesinschools-com\\\/\"}]}<\/script>\n<!-- \/ Yoast SEO plugin. -->","yoast_head_json":{"title":"\u00c9tats-Unis - br\u00e8ve mise \u00e0 jour - Prayer Spaces in Schools International","description":"Around the world prayer spaces are giving children and young people ways to reflect and explore prayer for themselves using simple activities.","robots":{"index":"index","follow":"follow","max-snippet":"max-snippet:-1","max-image-preview":"max-image-preview:large","max-video-preview":"max-video-preview:-1"},"canonical":"http:\/\/prayerspacesinschools.com\/fr\/usa-update\/","og_locale":"fr_FR","og_type":"article","og_title":"\u00c9tats-Unis - br\u00e8ve mise \u00e0 jour - Prayer Spaces in Schools International","og_description":"Around the world prayer spaces are giving children and young people ways to reflect and explore prayer for themselves using simple activities.","og_url":"http:\/\/prayerspacesinschools.com\/fr\/usa-update\/","og_site_name":"Prayer Spaces in Schools International","article_published_time":"2023-12-08T10:48:00+00:00","article_modified_time":"2025-09-04T09:36:20+00:00","og_image":[{"width":1200,"height":750,"url":"http:\/\/prayerspacesinschools.com\/wp-content\/uploads\/2025\/07\/USE-update.jpg","type":"image\/jpeg"}],"author":"tim@prayerspacesinschools.com","twitter_card":"summary_large_image","twitter_misc":{"Written by":"tim@prayerspacesinschools.com","Est. reading time":"3 minutes"},"schema":{"@context":"https:\/\/schema.org","@graph":[{"@type":"Article","@id":"http:\/\/prayerspacesinschools.com\/fr\/usa-update\/#article","isPartOf":{"@id":"http:\/\/prayerspacesinschools.com\/fr\/usa-update\/"},"author":{"name":"tim@prayerspacesinschools.com","@id":"https:\/\/prayerspacesinschools.com\/#\/schema\/person\/28581568fca4a121b73c1c927d563827"},"headline":"\u00c9tats-Unis &#8211; br\u00e8ve mise \u00e0 jour","datePublished":"2023-12-08T10:48:00+00:00","dateModified":"2025-09-04T09:36:20+00:00","mainEntityOfPage":{"@id":"http:\/\/prayerspacesinschools.com\/fr\/usa-update\/"},"wordCount":490,"commentCount":0,"publisher":{"@id":"https:\/\/prayerspacesinschools.com\/#organization"},"image":{"@id":"http:\/\/prayerspacesinschools.com\/fr\/usa-update\/#primaryimage"},"thumbnailUrl":"http:\/\/prayerspacesinschools.com\/wp-content\/uploads\/2025\/07\/USE-update.jpg","articleSection":["Non cat\u00e9goris\u00e9"],"inLanguage":"fr-FR","potentialAction":[{"@type":"CommentAction","name":"Comment","target":["http:\/\/prayerspacesinschools.com\/fr\/usa-update\/#respond"]}]},{"@type":"WebPage","@id":"http:\/\/prayerspacesinschools.com\/fr\/usa-update\/","url":"http:\/\/prayerspacesinschools.com\/fr\/usa-update\/","name":"\u00c9tats-Unis - br\u00e8ve mise \u00e0 jour - Prayer Spaces in Schools International","isPartOf":{"@id":"https:\/\/prayerspacesinschools.com\/#website"},"primaryImageOfPage":{"@id":"http:\/\/prayerspacesinschools.com\/fr\/usa-update\/#primaryimage"},"image":{"@id":"http:\/\/prayerspacesinschools.com\/fr\/usa-update\/#primaryimage"},"thumbnailUrl":"http:\/\/prayerspacesinschools.com\/wp-content\/uploads\/2025\/07\/USE-update.jpg","datePublished":"2023-12-08T10:48:00+00:00","dateModified":"2025-09-04T09:36:20+00:00","description":"Around the world prayer spaces are giving children and young people ways to reflect and explore prayer for themselves using simple activities.","breadcrumb":{"@id":"http:\/\/prayerspacesinschools.com\/fr\/usa-update\/#breadcrumb"},"inLanguage":"fr-FR","potentialAction":[{"@type":"ReadAction","target":["http:\/\/prayerspacesinschools.com\/fr\/usa-update\/"]}]},{"@type":"ImageObject","inLanguage":"fr-FR","@id":"http:\/\/prayerspacesinschools.com\/fr\/usa-update\/#primaryimage","url":"http:\/\/prayerspacesinschools.com\/wp-content\/uploads\/2025\/07\/USE-update.jpg","contentUrl":"http:\/\/prayerspacesinschools.com\/wp-content\/uploads\/2025\/07\/USE-update.jpg","width":1200,"height":750},{"@type":"BreadcrumbList","@id":"http:\/\/prayerspacesinschools.com\/fr\/usa-update\/#breadcrumb","itemListElement":[{"@type":"ListItem","position":1,"name":"Home","item":"https:\/\/prayerspacesinschools.com\/fr\/"},{"@type":"ListItem","position":2,"name":"\u00c9tats-Unis &#8211; br\u00e8ve mise \u00e0 jour"}]},{"@type":"WebSite","@id":"https:\/\/prayerspacesinschools.com\/#website","url":"https:\/\/prayerspacesinschools.com\/","name":"Prayer Spaces in Schools","description":"Creating space in schools where pupils can pause to reflect or pray","publisher":{"@id":"https:\/\/prayerspacesinschools.com\/#organization"},"potentialAction":[{"@type":"SearchAction","target":{"@type":"EntryPoint","urlTemplate":"https:\/\/prayerspacesinschools.com\/?s={search_term_string}"},"query-input":{"@type":"PropertyValueSpecification","valueRequired":true,"valueName":"search_term_string"}}],"inLanguage":"fr-FR"},{"@type":"Organization","@id":"https:\/\/prayerspacesinschools.com\/#organization","name":"Prayer Spaces in Schools","url":"https:\/\/prayerspacesinschools.com\/","logo":{"@type":"ImageObject","inLanguage":"fr-FR","@id":"https:\/\/prayerspacesinschools.com\/#\/schema\/logo\/image\/","url":"http:\/\/prayerspacesinschools.com\/wp-content\/uploads\/2025\/07\/logo.svg","contentUrl":"http:\/\/prayerspacesinschools.com\/wp-content\/uploads\/2025\/07\/logo.svg","width":125,"height":93,"caption":"Prayer Spaces in Schools"},"image":{"@id":"https:\/\/prayerspacesinschools.com\/#\/schema\/logo\/image\/"}},{"@type":"Person","@id":"https:\/\/prayerspacesinschools.com\/#\/schema\/person\/28581568fca4a121b73c1c927d563827","name":"tim@prayerspacesinschools.com","image":{"@type":"ImageObject","inLanguage":"fr-FR","@id":"https:\/\/secure.gravatar.com\/avatar\/aa5b4a5fd665d3b18699e649d5427d9b764af53e44ea3f130b56f3bd7ce3545e?s=96&d=mm&r=g","url":"https:\/\/secure.gravatar.com\/avatar\/aa5b4a5fd665d3b18699e649d5427d9b764af53e44ea3f130b56f3bd7ce3545e?s=96&d=mm&r=g","contentUrl":"https:\/\/secure.gravatar.com\/avatar\/aa5b4a5fd665d3b18699e649d5427d9b764af53e44ea3f130b56f3bd7ce3545e?s=96&d=mm&r=g","caption":"tim@prayerspacesinschools.com"},"url":"http:\/\/prayerspacesinschools.com\/fr\/author\/timprayerspacesinschools-com\/"}]}},"_links":{"self":[{"href":"http:\/\/prayerspacesinschools.com\/fr\/wp-json\/wp\/v2\/posts\/2063","targetHints":{"allow":["GET"]}}],"collection":[{"href":"http:\/\/prayerspacesinschools.com\/fr\/wp-json\/wp\/v2\/posts"}],"about":[{"href":"http:\/\/prayerspacesinschools.com\/fr\/wp-json\/wp\/v2\/types\/post"}],"author":[{"embeddable":true,"href":"http:\/\/prayerspacesinschools.com\/fr\/wp-json\/wp\/v2\/users\/5"}],"replies":[{"embeddable":true,"href":"http:\/\/prayerspacesinschools.com\/fr\/wp-json\/wp\/v2\/comments?post=2063"}],"version-history":[{"count":2,"href":"http:\/\/prayerspacesinschools.com\/fr\/wp-json\/wp\/v2\/posts\/2063\/revisions"}],"predecessor-version":[{"id":2066,"href":"http:\/\/prayerspacesinschools.com\/fr\/wp-json\/wp\/v2\/posts\/2063\/revisions\/2066"}],"wp:featuredmedia":[{"embeddable":true,"href":"http:\/\/prayerspacesinschools.com\/fr\/wp-json\/wp\/v2\/media\/1031"}],"wp:attachment":[{"href":"http:\/\/prayerspacesinschools.com\/fr\/wp-json\/wp\/v2\/media?parent=2063"}],"wp:term":[{"taxonomy":"category","embeddable":true,"href":"http:\/\/prayerspacesinschools.com\/fr\/wp-json\/wp\/v2\/categories?post=2063"},{"taxonomy":"post_tag","embeddable":true,"href":"http:\/\/prayerspacesinschools.com\/fr\/wp-json\/wp\/v2\/tags?post=2063"}],"curies":[{"name":"wp","href":"https:\/\/api.w.org\/{rel}","templated":true}]}}