{"id":1401,"date":"2024-05-10T10:41:20","date_gmt":"2024-05-10T09:41:20","guid":{"rendered":"http:\/\/prayerspacesinschools.com\/malta-10-years-of-prayer-spaces-in-schools\/"},"modified":"2025-07-16T02:07:30","modified_gmt":"2025-07-16T01:07:30","slug":"malta-10-years-of-prayer-spaces-in-schools","status":"publish","type":"post","link":"http:\/\/prayerspacesinschools.com\/es\/malta-10-years-of-prayer-spaces-in-schools\/","title":{"rendered":"Malta \u2013 10 a\u00f1os de Espacios de Oraci\u00f3n en las Escuelas"},"content":{"rendered":"\n<p>\u00a1El 24 de abril de 2024 fue una ocasi\u00f3n memorable: una d\u00e9cada de Espacios de Oraci\u00f3n en las Escuelas de Malta!<\/p>\n\n\n\n<p>Phil Sokell-Miles, Director Internacional de Prayer Spaces in Schools, viaj\u00f3 para unirse a 110 miembros del personal escolar y capellanes, religiosas y sacerdotes, catequistas y l\u00edderes de formaci\u00f3n que se reunieron para celebrar.<\/p>\n\n\n\n<p>Organizada por el dedicado equipo de Desarrollo Espiritual en Escuelas, dentro del Vicar\u00edato de Evangelizaci\u00f3n de la Arquidi\u00f3cesis de Malta, la celebraci\u00f3n fue mucho m\u00e1s que una simple reuni\u00f3n de personas. Fue un encuentro de corazones unidos en la fe y la gratitud por el precioso don de la vida y por las incontables bendiciones que han enriquecido sus caminos, especialmente a trav\u00e9s de los Espacios de Oraci\u00f3n en las Escuelas.<\/p>\n\n\n\n<p>El d\u00eda estuvo lleno de historias de gratitud, crecimiento espiritual, conversaciones enriquecedoras y conexiones significativas. Los participantes profundizaron en los or\u00edgenes de los Espacios de Oraci\u00f3n en el Reino Unido y en el mundo a trav\u00e9s de una entrevista inspiradora con Phil, seguida de un panel con el P. Paul Chetcuti SJ, el P. Reuben Gauci, Silvana Cardona y Bernadette Sammut Briffa, en el que se explor\u00f3 el crecimiento espiritual vivido durante una d\u00e9cada de Espacios de Oraci\u00f3n en Malta.<\/p>\n\n\n\n<p>Durante esta d\u00e9cada, muchos educadores han trabajado con los Espacios de Oraci\u00f3n en distintos niveles y etapas escolares, en diversas localidades, y poco a poco se han extendido tambi\u00e9n a otras comunidades. \u00a1Hay tanto que celebrar!<\/p>\n\n\n\n<p>Y, por supuesto, \u00a1hubo torta!<\/p>\n\n\n\n<p>Puedes conocer m\u00e1s sobre los Espacios de Oraci\u00f3n en las Escuelas en Malta aqu\u00ed <a href=\"https:\/\/sds.mt\" target=\"_blank\">https:\/\/sds.mt<\/a><\/p>\n\n\n\n<p><\/p>\n","protected":false},"excerpt":{"rendered":"<p>\u00a1El 24 de abril de 2024 fue una ocasi\u00f3n memorable: una d\u00e9cada de Espacios de Oraci\u00f3n en las Escuelas de Malta! Phil Sokell-Miles, Director Internacional de Prayer Spaces in Schools, viaj\u00f3 para unirse a 110 miembros del personal escolar y capellanes, religiosas y sacerdotes, catequistas y l\u00edderes de formaci\u00f3n que se reunieron para celebrar. Organizada [&hellip;]<\/p>\n","protected":false},"author":5,"featured_media":1027,"comment_status":"open","ping_status":"open","sticky":false,"template":"","format":"standard","meta":{"_acf_changed":false,"inline_featured_image":false,"footnotes":""},"categories":[14],"tags":[],"class_list":["post-1401","post","type-post","status-publish","format-standard","has-post-thumbnail","hentry","category-sin-categoria"],"acf":[],"yoast_head":"<!-- This site is optimized with the Yoast SEO plugin v27.4 - https:\/\/yoast.com\/product\/yoast-seo-wordpress\/ -->\n<title>Malta \u2013 10 a\u00f1os de Espacios de Oraci\u00f3n en las Escuelas - Prayer Spaces in Schools International<\/title>\n<meta name=\"description\" content=\"Around the world prayer spaces are giving children and young people ways to reflect and explore prayer for themselves using simple activities.\" \/>\n<meta name=\"robots\" content=\"index, follow, max-snippet:-1, max-image-preview:large, max-video-preview:-1\" \/>\n<link rel=\"canonical\" href=\"http:\/\/prayerspacesinschools.com\/es\/malta-10-years-of-prayer-spaces-in-schools\/\" \/>\n<meta property=\"og:locale\" content=\"es_ES\" \/>\n<meta property=\"og:type\" content=\"article\" \/>\n<meta property=\"og:title\" content=\"Malta \u2013 10 a\u00f1os de Espacios de Oraci\u00f3n en las Escuelas - Prayer Spaces in Schools International\" \/>\n<meta property=\"og:description\" content=\"Around the world prayer spaces are giving children and young people ways to reflect and explore prayer for themselves using simple activities.\" \/>\n<meta property=\"og:url\" content=\"http:\/\/prayerspacesinschools.com\/es\/malta-10-years-of-prayer-spaces-in-schools\/\" \/>\n<meta property=\"og:site_name\" content=\"Prayer Spaces in Schools International\" \/>\n<meta property=\"article:published_time\" content=\"2024-05-10T09:41:20+00:00\" \/>\n<meta property=\"article:modified_time\" content=\"2025-07-16T01:07:30+00:00\" \/>\n<meta property=\"og:image\" content=\"http:\/\/prayerspacesinschools.com\/wp-content\/uploads\/2025\/07\/Malta_10-years_5x3.jpg\" \/>\n\t<meta property=\"og:image:width\" content=\"1948\" \/>\n\t<meta property=\"og:image:height\" content=\"1168\" \/>\n\t<meta property=\"og:image:type\" content=\"image\/jpeg\" \/>\n<meta name=\"author\" content=\"tim@prayerspacesinschools.com\" \/>\n<meta name=\"twitter:card\" content=\"summary_large_image\" \/>\n<meta name=\"twitter:label1\" content=\"Written by\" \/>\n\t<meta name=\"twitter:data1\" content=\"tim@prayerspacesinschools.com\" \/>\n\t<meta name=\"twitter:label2\" content=\"Est. reading time\" \/>\n\t<meta name=\"twitter:data2\" content=\"1 minute\" \/>\n<script type=\"application\/ld+json\" class=\"yoast-schema-graph\">{\"@context\":\"https:\\\/\\\/schema.org\",\"@graph\":[{\"@type\":\"Article\",\"@id\":\"http:\\\/\\\/prayerspacesinschools.com\\\/es\\\/malta-10-years-of-prayer-spaces-in-schools\\\/#article\",\"isPartOf\":{\"@id\":\"http:\\\/\\\/prayerspacesinschools.com\\\/es\\\/malta-10-years-of-prayer-spaces-in-schools\\\/\"},\"author\":{\"name\":\"tim@prayerspacesinschools.com\",\"@id\":\"https:\\\/\\\/prayerspacesinschools.com\\\/#\\\/schema\\\/person\\\/28581568fca4a121b73c1c927d563827\"},\"headline\":\"Malta \u2013 10 a\u00f1os de Espacios de Oraci\u00f3n en las Escuelas\",\"datePublished\":\"2024-05-10T09:41:20+00:00\",\"dateModified\":\"2025-07-16T01:07:30+00:00\",\"mainEntityOfPage\":{\"@id\":\"http:\\\/\\\/prayerspacesinschools.com\\\/es\\\/malta-10-years-of-prayer-spaces-in-schools\\\/\"},\"wordCount\":295,\"commentCount\":0,\"publisher\":{\"@id\":\"https:\\\/\\\/prayerspacesinschools.com\\\/#organization\"},\"image\":{\"@id\":\"http:\\\/\\\/prayerspacesinschools.com\\\/es\\\/malta-10-years-of-prayer-spaces-in-schools\\\/#primaryimage\"},\"thumbnailUrl\":\"http:\\\/\\\/prayerspacesinschools.com\\\/wp-content\\\/uploads\\\/2025\\\/07\\\/Malta_10-years_5x3.jpg\",\"articleSection\":[\"Sin categor\u00eda\"],\"inLanguage\":\"es-ES\",\"potentialAction\":[{\"@type\":\"CommentAction\",\"name\":\"Comment\",\"target\":[\"http:\\\/\\\/prayerspacesinschools.com\\\/es\\\/malta-10-years-of-prayer-spaces-in-schools\\\/#respond\"]}]},{\"@type\":\"WebPage\",\"@id\":\"http:\\\/\\\/prayerspacesinschools.com\\\/es\\\/malta-10-years-of-prayer-spaces-in-schools\\\/\",\"url\":\"http:\\\/\\\/prayerspacesinschools.com\\\/es\\\/malta-10-years-of-prayer-spaces-in-schools\\\/\",\"name\":\"Malta \u2013 10 a\u00f1os de Espacios de Oraci\u00f3n en las Escuelas - Prayer Spaces in Schools International\",\"isPartOf\":{\"@id\":\"https:\\\/\\\/prayerspacesinschools.com\\\/#website\"},\"primaryImageOfPage\":{\"@id\":\"http:\\\/\\\/prayerspacesinschools.com\\\/es\\\/malta-10-years-of-prayer-spaces-in-schools\\\/#primaryimage\"},\"image\":{\"@id\":\"http:\\\/\\\/prayerspacesinschools.com\\\/es\\\/malta-10-years-of-prayer-spaces-in-schools\\\/#primaryimage\"},\"thumbnailUrl\":\"http:\\\/\\\/prayerspacesinschools.com\\\/wp-content\\\/uploads\\\/2025\\\/07\\\/Malta_10-years_5x3.jpg\",\"datePublished\":\"2024-05-10T09:41:20+00:00\",\"dateModified\":\"2025-07-16T01:07:30+00:00\",\"description\":\"Around the world prayer spaces are giving children and young people ways to reflect and explore prayer for themselves using simple activities.\",\"breadcrumb\":{\"@id\":\"http:\\\/\\\/prayerspacesinschools.com\\\/es\\\/malta-10-years-of-prayer-spaces-in-schools\\\/#breadcrumb\"},\"inLanguage\":\"es-ES\",\"potentialAction\":[{\"@type\":\"ReadAction\",\"target\":[\"http:\\\/\\\/prayerspacesinschools.com\\\/es\\\/malta-10-years-of-prayer-spaces-in-schools\\\/\"]}]},{\"@type\":\"ImageObject\",\"inLanguage\":\"es-ES\",\"@id\":\"http:\\\/\\\/prayerspacesinschools.com\\\/es\\\/malta-10-years-of-prayer-spaces-in-schools\\\/#primaryimage\",\"url\":\"http:\\\/\\\/prayerspacesinschools.com\\\/wp-content\\\/uploads\\\/2025\\\/07\\\/Malta_10-years_5x3.jpg\",\"contentUrl\":\"http:\\\/\\\/prayerspacesinschools.com\\\/wp-content\\\/uploads\\\/2025\\\/07\\\/Malta_10-years_5x3.jpg\",\"width\":1948,\"height\":1168},{\"@type\":\"BreadcrumbList\",\"@id\":\"http:\\\/\\\/prayerspacesinschools.com\\\/es\\\/malta-10-years-of-prayer-spaces-in-schools\\\/#breadcrumb\",\"itemListElement\":[{\"@type\":\"ListItem\",\"position\":1,\"name\":\"Home\",\"item\":\"http:\\\/\\\/prayerspacesinschools.com\\\/es\\\/\"},{\"@type\":\"ListItem\",\"position\":2,\"name\":\"Malta \u2013 10 a\u00f1os de Espacios de Oraci\u00f3n en las Escuelas\"}]},{\"@type\":\"WebSite\",\"@id\":\"https:\\\/\\\/prayerspacesinschools.com\\\/#website\",\"url\":\"https:\\\/\\\/prayerspacesinschools.com\\\/\",\"name\":\"Prayer Spaces in Schools\",\"description\":\"Creating space in schools where pupils can pause to reflect or pray\",\"publisher\":{\"@id\":\"https:\\\/\\\/prayerspacesinschools.com\\\/#organization\"},\"potentialAction\":[{\"@type\":\"SearchAction\",\"target\":{\"@type\":\"EntryPoint\",\"urlTemplate\":\"https:\\\/\\\/prayerspacesinschools.com\\\/?s={search_term_string}\"},\"query-input\":{\"@type\":\"PropertyValueSpecification\",\"valueRequired\":true,\"valueName\":\"search_term_string\"}}],\"inLanguage\":\"es-ES\"},{\"@type\":\"Organization\",\"@id\":\"https:\\\/\\\/prayerspacesinschools.com\\\/#organization\",\"name\":\"Prayer Spaces in Schools\",\"url\":\"https:\\\/\\\/prayerspacesinschools.com\\\/\",\"logo\":{\"@type\":\"ImageObject\",\"inLanguage\":\"es-ES\",\"@id\":\"https:\\\/\\\/prayerspacesinschools.com\\\/#\\\/schema\\\/logo\\\/image\\\/\",\"url\":\"http:\\\/\\\/prayerspacesinschools.com\\\/wp-content\\\/uploads\\\/2025\\\/07\\\/logo.svg\",\"contentUrl\":\"http:\\\/\\\/prayerspacesinschools.com\\\/wp-content\\\/uploads\\\/2025\\\/07\\\/logo.svg\",\"width\":125,\"height\":93,\"caption\":\"Prayer Spaces in Schools\"},\"image\":{\"@id\":\"https:\\\/\\\/prayerspacesinschools.com\\\/#\\\/schema\\\/logo\\\/image\\\/\"}},{\"@type\":\"Person\",\"@id\":\"https:\\\/\\\/prayerspacesinschools.com\\\/#\\\/schema\\\/person\\\/28581568fca4a121b73c1c927d563827\",\"name\":\"tim@prayerspacesinschools.com\",\"image\":{\"@type\":\"ImageObject\",\"inLanguage\":\"es-ES\",\"@id\":\"https:\\\/\\\/secure.gravatar.com\\\/avatar\\\/aa5b4a5fd665d3b18699e649d5427d9b764af53e44ea3f130b56f3bd7ce3545e?s=96&d=mm&r=g\",\"url\":\"https:\\\/\\\/secure.gravatar.com\\\/avatar\\\/aa5b4a5fd665d3b18699e649d5427d9b764af53e44ea3f130b56f3bd7ce3545e?s=96&d=mm&r=g\",\"contentUrl\":\"https:\\\/\\\/secure.gravatar.com\\\/avatar\\\/aa5b4a5fd665d3b18699e649d5427d9b764af53e44ea3f130b56f3bd7ce3545e?s=96&d=mm&r=g\",\"caption\":\"tim@prayerspacesinschools.com\"},\"url\":\"http:\\\/\\\/prayerspacesinschools.com\\\/es\\\/author\\\/timprayerspacesinschools-com\\\/\"}]}<\/script>\n<!-- \/ Yoast SEO plugin. -->","yoast_head_json":{"title":"Malta \u2013 10 a\u00f1os de Espacios de Oraci\u00f3n en las Escuelas - Prayer Spaces in Schools International","description":"Around the world prayer spaces are giving children and young people ways to reflect and explore prayer for themselves using simple activities.","robots":{"index":"index","follow":"follow","max-snippet":"max-snippet:-1","max-image-preview":"max-image-preview:large","max-video-preview":"max-video-preview:-1"},"canonical":"http:\/\/prayerspacesinschools.com\/es\/malta-10-years-of-prayer-spaces-in-schools\/","og_locale":"es_ES","og_type":"article","og_title":"Malta \u2013 10 a\u00f1os de Espacios de Oraci\u00f3n en las Escuelas - Prayer Spaces in Schools International","og_description":"Around the world prayer spaces are giving children and young people ways to reflect and explore prayer for themselves using simple activities.","og_url":"http:\/\/prayerspacesinschools.com\/es\/malta-10-years-of-prayer-spaces-in-schools\/","og_site_name":"Prayer Spaces in Schools International","article_published_time":"2024-05-10T09:41:20+00:00","article_modified_time":"2025-07-16T01:07:30+00:00","og_image":[{"width":1948,"height":1168,"url":"http:\/\/prayerspacesinschools.com\/wp-content\/uploads\/2025\/07\/Malta_10-years_5x3.jpg","type":"image\/jpeg"}],"author":"tim@prayerspacesinschools.com","twitter_card":"summary_large_image","twitter_misc":{"Written by":"tim@prayerspacesinschools.com","Est. reading time":"1 minute"},"schema":{"@context":"https:\/\/schema.org","@graph":[{"@type":"Article","@id":"http:\/\/prayerspacesinschools.com\/es\/malta-10-years-of-prayer-spaces-in-schools\/#article","isPartOf":{"@id":"http:\/\/prayerspacesinschools.com\/es\/malta-10-years-of-prayer-spaces-in-schools\/"},"author":{"name":"tim@prayerspacesinschools.com","@id":"https:\/\/prayerspacesinschools.com\/#\/schema\/person\/28581568fca4a121b73c1c927d563827"},"headline":"Malta \u2013 10 a\u00f1os de Espacios de Oraci\u00f3n en las Escuelas","datePublished":"2024-05-10T09:41:20+00:00","dateModified":"2025-07-16T01:07:30+00:00","mainEntityOfPage":{"@id":"http:\/\/prayerspacesinschools.com\/es\/malta-10-years-of-prayer-spaces-in-schools\/"},"wordCount":295,"commentCount":0,"publisher":{"@id":"https:\/\/prayerspacesinschools.com\/#organization"},"image":{"@id":"http:\/\/prayerspacesinschools.com\/es\/malta-10-years-of-prayer-spaces-in-schools\/#primaryimage"},"thumbnailUrl":"http:\/\/prayerspacesinschools.com\/wp-content\/uploads\/2025\/07\/Malta_10-years_5x3.jpg","articleSection":["Sin categor\u00eda"],"inLanguage":"es-ES","potentialAction":[{"@type":"CommentAction","name":"Comment","target":["http:\/\/prayerspacesinschools.com\/es\/malta-10-years-of-prayer-spaces-in-schools\/#respond"]}]},{"@type":"WebPage","@id":"http:\/\/prayerspacesinschools.com\/es\/malta-10-years-of-prayer-spaces-in-schools\/","url":"http:\/\/prayerspacesinschools.com\/es\/malta-10-years-of-prayer-spaces-in-schools\/","name":"Malta \u2013 10 a\u00f1os de Espacios de Oraci\u00f3n en las Escuelas - Prayer Spaces in Schools International","isPartOf":{"@id":"https:\/\/prayerspacesinschools.com\/#website"},"primaryImageOfPage":{"@id":"http:\/\/prayerspacesinschools.com\/es\/malta-10-years-of-prayer-spaces-in-schools\/#primaryimage"},"image":{"@id":"http:\/\/prayerspacesinschools.com\/es\/malta-10-years-of-prayer-spaces-in-schools\/#primaryimage"},"thumbnailUrl":"http:\/\/prayerspacesinschools.com\/wp-content\/uploads\/2025\/07\/Malta_10-years_5x3.jpg","datePublished":"2024-05-10T09:41:20+00:00","dateModified":"2025-07-16T01:07:30+00:00","description":"Around the world prayer spaces are giving children and young people ways to reflect and explore prayer for themselves using simple activities.","breadcrumb":{"@id":"http:\/\/prayerspacesinschools.com\/es\/malta-10-years-of-prayer-spaces-in-schools\/#breadcrumb"},"inLanguage":"es-ES","potentialAction":[{"@type":"ReadAction","target":["http:\/\/prayerspacesinschools.com\/es\/malta-10-years-of-prayer-spaces-in-schools\/"]}]},{"@type":"ImageObject","inLanguage":"es-ES","@id":"http:\/\/prayerspacesinschools.com\/es\/malta-10-years-of-prayer-spaces-in-schools\/#primaryimage","url":"http:\/\/prayerspacesinschools.com\/wp-content\/uploads\/2025\/07\/Malta_10-years_5x3.jpg","contentUrl":"http:\/\/prayerspacesinschools.com\/wp-content\/uploads\/2025\/07\/Malta_10-years_5x3.jpg","width":1948,"height":1168},{"@type":"BreadcrumbList","@id":"http:\/\/prayerspacesinschools.com\/es\/malta-10-years-of-prayer-spaces-in-schools\/#breadcrumb","itemListElement":[{"@type":"ListItem","position":1,"name":"Home","item":"http:\/\/prayerspacesinschools.com\/es\/"},{"@type":"ListItem","position":2,"name":"Malta \u2013 10 a\u00f1os de Espacios de Oraci\u00f3n en las Escuelas"}]},{"@type":"WebSite","@id":"https:\/\/prayerspacesinschools.com\/#website","url":"https:\/\/prayerspacesinschools.com\/","name":"Prayer Spaces in Schools","description":"Creating space in schools where pupils can pause to reflect or pray","publisher":{"@id":"https:\/\/prayerspacesinschools.com\/#organization"},"potentialAction":[{"@type":"SearchAction","target":{"@type":"EntryPoint","urlTemplate":"https:\/\/prayerspacesinschools.com\/?s={search_term_string}"},"query-input":{"@type":"PropertyValueSpecification","valueRequired":true,"valueName":"search_term_string"}}],"inLanguage":"es-ES"},{"@type":"Organization","@id":"https:\/\/prayerspacesinschools.com\/#organization","name":"Prayer Spaces in Schools","url":"https:\/\/prayerspacesinschools.com\/","logo":{"@type":"ImageObject","inLanguage":"es-ES","@id":"https:\/\/prayerspacesinschools.com\/#\/schema\/logo\/image\/","url":"http:\/\/prayerspacesinschools.com\/wp-content\/uploads\/2025\/07\/logo.svg","contentUrl":"http:\/\/prayerspacesinschools.com\/wp-content\/uploads\/2025\/07\/logo.svg","width":125,"height":93,"caption":"Prayer Spaces in Schools"},"image":{"@id":"https:\/\/prayerspacesinschools.com\/#\/schema\/logo\/image\/"}},{"@type":"Person","@id":"https:\/\/prayerspacesinschools.com\/#\/schema\/person\/28581568fca4a121b73c1c927d563827","name":"tim@prayerspacesinschools.com","image":{"@type":"ImageObject","inLanguage":"es-ES","@id":"https:\/\/secure.gravatar.com\/avatar\/aa5b4a5fd665d3b18699e649d5427d9b764af53e44ea3f130b56f3bd7ce3545e?s=96&d=mm&r=g","url":"https:\/\/secure.gravatar.com\/avatar\/aa5b4a5fd665d3b18699e649d5427d9b764af53e44ea3f130b56f3bd7ce3545e?s=96&d=mm&r=g","contentUrl":"https:\/\/secure.gravatar.com\/avatar\/aa5b4a5fd665d3b18699e649d5427d9b764af53e44ea3f130b56f3bd7ce3545e?s=96&d=mm&r=g","caption":"tim@prayerspacesinschools.com"},"url":"http:\/\/prayerspacesinschools.com\/es\/author\/timprayerspacesinschools-com\/"}]}},"_links":{"self":[{"href":"http:\/\/prayerspacesinschools.com\/es\/wp-json\/wp\/v2\/posts\/1401","targetHints":{"allow":["GET"]}}],"collection":[{"href":"http:\/\/prayerspacesinschools.com\/es\/wp-json\/wp\/v2\/posts"}],"about":[{"href":"http:\/\/prayerspacesinschools.com\/es\/wp-json\/wp\/v2\/types\/post"}],"author":[{"embeddable":true,"href":"http:\/\/prayerspacesinschools.com\/es\/wp-json\/wp\/v2\/users\/5"}],"replies":[{"embeddable":true,"href":"http:\/\/prayerspacesinschools.com\/es\/wp-json\/wp\/v2\/comments?post=1401"}],"version-history":[{"count":1,"href":"http:\/\/prayerspacesinschools.com\/es\/wp-json\/wp\/v2\/posts\/1401\/revisions"}],"predecessor-version":[{"id":1403,"href":"http:\/\/prayerspacesinschools.com\/es\/wp-json\/wp\/v2\/posts\/1401\/revisions\/1403"}],"wp:featuredmedia":[{"embeddable":true,"href":"http:\/\/prayerspacesinschools.com\/es\/wp-json\/wp\/v2\/media\/1027"}],"wp:attachment":[{"href":"http:\/\/prayerspacesinschools.com\/es\/wp-json\/wp\/v2\/media?parent=1401"}],"wp:term":[{"taxonomy":"category","embeddable":true,"href":"http:\/\/prayerspacesinschools.com\/es\/wp-json\/wp\/v2\/categories?post=1401"},{"taxonomy":"post_tag","embeddable":true,"href":"http:\/\/prayerspacesinschools.com\/es\/wp-json\/wp\/v2\/tags?post=1401"}],"curies":[{"name":"wp","href":"https:\/\/api.w.org\/{rel}","templated":true}]}}